{"id":10648,"date":"2025-09-02T10:53:44","date_gmt":"2025-09-02T15:53:44","guid":{"rendered":"https:\/\/cideim.org.co\/cideim_new\/?post_type=noticias&#038;p=10648"},"modified":"2025-10-03T15:09:50","modified_gmt":"2025-10-03T20:09:50","slug":"promoviendo-intercambio-de-conocimientos-y-mentoria-lac","status":"publish","type":"noticias","link":"https:\/\/cideim.org.co\/cideim\/noticias\/promoviendo-intercambio-de-conocimientos-y-mentoria-lac\/","title":{"rendered":"Promoviendo el intercambio de conocimientos y la mentor\u00eda para fortalecer capacidades en investigaci\u00f3n en Latinoam\u00e9rica y el Caribe"},"content":{"rendered":"\n<p class=\"has-black-color has-text-color has-link-color wp-elements-f86a6479ab642115bd10f41ada233500\" style=\"font-size:16px;font-style:italic;font-weight:300\">Egresadas de la Maestr\u00eda en Epidemiolog\u00eda con \u00e9nfasis en Investigaci\u00f3n de la Implementaci\u00f3n (IR &#8211; Implementation Research) de la Universidad de Antioquia, beneficiarias del programa de becas del TDR\/OMS, acompa\u00f1an como mentoras metodol\u00f3gicas a los proyectos seleccionados en la convocatoria \u201cPeque\u00f1as subvenciones para Investigaci\u00f3n de la Implementaci\u00f3n en la regi\u00f3n de Latinoam\u00e9rica y el Caribe\u201d.<\/p>\n\n\n\n<figure class=\"wp-block-image size-large\"><img fetchpriority=\"high\" decoding=\"async\" src=\"https:\/\/cideim.org.co\/cideim\/wp-content\/uploads\/2025\/09\/small-grants-banner.png\" alt=\"\" style=\"object-fit:cover\"\/><\/figure>\n\n\n\n<div style=\"height:22px\" aria-hidden=\"true\" class=\"wp-block-spacer\"><\/div>\n\n\n\n<p class=\"has-black-color has-text-color has-link-color wp-elements-9ea121bda0eba0446ffdf35fbafc38d6\">En el segundo semestre de 2024, CIDEIM como Centro Regional de Entrenamiento para Latinoam\u00e9rica y el Caribe (LAC-RTC) apoyado por el Programa Especial de Investigaci\u00f3n y Capacitaci\u00f3n en Enfermedades Tropicales &#8211; TDR, lanz\u00f3 la convocatoria&nbsp;<em>\u201c Peque\u00f1as subvenciones para Investigaci\u00f3n de la Implementaci\u00f3n en la regi\u00f3n de Latinoam\u00e9rica y el Caribe<\/em>\u201d. Esta iniciativa busc\u00f3 motivar a quienes aprobaron el Curso Abierto Masivo en L\u00ednea sobre Investigaci\u00f3n de la Implementaci\u00f3n (IR-MOOC), a aplicar las habilidades adquiridas durante el entrenamiento y trasladar las ideas de investigaci\u00f3n a la pr\u00e1ctica.<\/p>\n\n\n\n<p class=\"has-black-color has-text-color has-link-color wp-elements-5e4fac9580e08842cc7313d93a4328c0\">Las peque\u00f1as subvenciones combinan entrenamiento, mentor\u00eda y apoyo financiero para tres proyectos beneficiados, provenientes de Rep\u00fablica Dominicana, Colombia y Argentina [1]; un verdadero reto que se ha abordado a trav\u00e9s del trabajo colaborativo entre los programas apoyados por el TDR&nbsp;en la regi\u00f3n.<\/p>\n\n\n\n<p class=\"has-black-color has-text-color has-link-color wp-elements-c55681f901d6ab8970542e97cdf4df15\">El componente de&nbsp;<strong>entrenamiento<\/strong>&nbsp;incluy\u00f3 el curso de Planeaci\u00f3n y Evaluaci\u00f3n Efectivas en Proyectos de Investigaci\u00f3n de la Implementaci\u00f3n (IRPE) y un taller sobre Mentor\u00eda en Investigaci\u00f3n liderado por el equipo del LAC-RTC:<\/p>\n\n\n\n<ul class=\"wp-block-list\">\n<li class=\"has-black-color has-text-color has-link-color wp-elements-5a621509998317b9693628bc845847ef\">El&nbsp;<strong>curso IRPE<\/strong>&nbsp;busca fortalecer la capacidad en la planeaci\u00f3n y ejecuci\u00f3n de proyectos con enfoque de investigaci\u00f3n de la implementaci\u00f3n, proporcionando a los equipos conceptos y herramientas para la organizaci\u00f3n y gesti\u00f3n efectivas de proyectos de IR. Cabe destacar que la Investigaci\u00f3n de la Implementaci\u00f3n se centra en identificar los desaf\u00edos y obst\u00e1culos relacionados con la implementaci\u00f3n de intervenciones en salud. Tambi\u00e9n se enfoca en desarrollar y probar estrategias eficaces dise\u00f1adas para superarlos, y en determinar la mejor manera de introducir innovaciones en el sistema de salud, o promover su uso a gran escala y su sostenibilidad&nbsp;[2].<\/li>\n\n\n\n<li class=\"has-black-color has-text-color has-link-color wp-elements-697edd826c14e80e70d09d008fd99d55\">En el&nbsp;<strong>taller de Mentor\u00eda en Investigaci\u00f3n&nbsp;<\/strong>se abordaron los conceptos generales de mentor\u00eda y se explor\u00f3 el modelo OSKAR como herramienta pr\u00e1ctica para guiar las conversaciones entre mentores y&nbsp;<em>mentees.<\/em>&nbsp;Este taller toma como base el contenido tem\u00e1tico del&nbsp;<em>Programa de Mentor\u00eda del TDR<\/em>, un entrenamiento impartido por la coach&nbsp;<a href=\"https:\/\/www.antoinetteoglethorpe.com\/\">Antoinette Oglethorpe<\/a>&nbsp;y apoyado por el TDR, en el cual particip\u00f3 el equipo del LAC-RTC.<\/li>\n<\/ul>\n\n\n\n<p class=\"has-black-color has-text-color has-link-color wp-elements-a7548b88c9a76c55242c060519f59eec\">El componente de<strong>&nbsp;mentor\u00eda<\/strong>&nbsp;se estableci\u00f3 teniendo en cuenta un esquema de<strong>&nbsp;mentor\u00eda en cascada<\/strong>. El Dr. Carlos Rojas, coordinador del&nbsp;Programa de Becas del TDR para la Maestr\u00eda en Epidemiolog\u00eda con \u00e9nfasis en IR de la Universidad de Antioquia, acompa\u00f1\u00f3 como<em>&nbsp;mentor senior<\/em>&nbsp;a tres de sus exestudiantes y&nbsp;beneficiarias del programa de becas de maestr\u00eda \u2013Katia L\u00f3pez (Honduras), Karina Mej\u00eda (Honduras) y Pilar Salamanca (Colombia)\u2013, quienes a su vez asumieron el rol de mentoras metodol\u00f3gicas de los equipos seleccionados en la convocatoria de Peque\u00f1as Subvenciones.<\/p>\n\n\n\n<p class=\"has-black-color has-text-color has-link-color wp-elements-a3d4c5333d133613edeb33c8a495c6ec\">Cabe resaltar que m\u00e1s all\u00e1 de la orientaci\u00f3n metodol\u00f3gica, esta experiencia foment\u00f3:<\/p>\n\n\n\n<ul class=\"wp-block-list\">\n<li class=\"has-black-color has-text-color has-link-color wp-elements-13e6e0fd1de80a885febb99f296dd67d\">Una cultura de<strong>&nbsp;mentor\u00eda basada en el principio de la reciprocidad<\/strong>&nbsp;(\u201cpay-it-forward\u201d) al convocar a mentores y mentees beneficiarios del TDR.<\/li>\n\n\n\n<li class=\"has-black-color has-text-color has-link-color wp-elements-5f4315f46c8a01c45a008cc0f972f156\"><strong>Liderazgo y desarrollo de carrera<\/strong>&nbsp;de egresados del TDR, al asumir el rol de mentores.<\/li>\n\n\n\n<li class=\"has-black-color has-text-color has-link-color wp-elements-e0f49b5afbef6b2dba65bfbd654fe90a\"><strong>Redes de colaboraci\u00f3n internacionales<\/strong>, al vincular a mentoras con&nbsp;<em>mentees<\/em>&nbsp;ubicados en diferentes pa\u00edses de la regi\u00f3n.<\/li>\n\n\n\n<li class=\"has-black-color has-text-color has-link-color wp-elements-353f77a11904cb18e1e184320834e4c5\"><strong>Capacitaci\u00f3n en mentor\u00eda<\/strong>, promoviendo el uso de herramientas desarrolladas por el TDR y por el LAC-RTC y el nodo de TDR Global para la regi\u00f3n.<\/li>\n<\/ul>\n\n\n\n<p class=\"has-black-color has-text-color has-link-color wp-elements-1845a54a772c9f3b4e54e45cd9c61f61\">Actualmente, los equipos trabajan de manera conjunta con sus mentores para asegurar el cumplimiento de sus objetivos y planes de trabajo. A continuaci\u00f3n, el grupo de mentores nos cuenta c\u00f3mo ha sido esta primera experiencia de acercamiento formal a la mentor\u00eda en investigaci\u00f3n, dentro de la iniciativa de peque\u00f1as subvenciones.<\/p>\n\n\n\n<div style=\"height:22px\" aria-hidden=\"true\" class=\"wp-block-spacer\"><\/div>\n\n\n\n<h2 class=\"wp-block-heading has-text-align-center\">Testimonios<\/h2>\n\n\n\n<div class=\"wp-block-columns are-vertically-aligned-center is-layout-flex wp-container-3 wp-block-columns-is-layout-flex\">\n<div class=\"wp-block-column is-vertically-aligned-center is-layout-flow wp-block-column-is-layout-flow\">\n<figure class=\"wp-block-embed is-type-video is-provider-youtube wp-block-embed-youtube wp-embed-aspect-16-9 wp-has-aspect-ratio\"><div class=\"wp-block-embed__wrapper\">\n<iframe loading=\"lazy\" title=\"Testimonios mentoras Small Grants: Karina Mej\u00eda\" width=\"800\" height=\"450\" src=\"https:\/\/www.youtube.com\/embed\/WDUIi0gRAWI?feature=oembed\" frameborder=\"0\" allow=\"accelerometer; autoplay; clipboard-write; encrypted-media; gyroscope; picture-in-picture; web-share\" referrerpolicy=\"strict-origin-when-cross-origin\" allowfullscreen><\/iframe>\n<\/div><figcaption class=\"wp-element-caption\"><strong>Karina Mej\u00eda Escobar<\/strong><br>Mentora metodol\u00f3gica equipo Colombia<\/figcaption><\/figure>\n\n\n\n<div style=\"height:25px\" aria-hidden=\"true\" class=\"wp-block-spacer\"><\/div>\n\n\n\n<figure class=\"wp-block-embed is-type-video is-provider-youtube wp-block-embed-youtube wp-embed-aspect-16-9 wp-has-aspect-ratio\"><div class=\"wp-block-embed__wrapper\">\n<iframe loading=\"lazy\" title=\"Testimonios mentoras Small Grants: Pilar Salamanca\" width=\"800\" height=\"450\" src=\"https:\/\/www.youtube.com\/embed\/VS_TPghMCJM?feature=oembed\" frameborder=\"0\" allow=\"accelerometer; autoplay; clipboard-write; encrypted-media; gyroscope; picture-in-picture; web-share\" referrerpolicy=\"strict-origin-when-cross-origin\" allowfullscreen><\/iframe>\n<\/div><figcaption class=\"wp-element-caption\"><strong>Pilar Salamanca<\/strong><br>Mentora metodol\u00f3gica equipo Rep\u00fablica Dominicana<\/figcaption><\/figure>\n<\/div>\n\n\n\n<div class=\"wp-block-column is-vertically-aligned-center is-layout-flow wp-block-column-is-layout-flow\">\n<figure class=\"wp-block-embed is-type-video is-provider-youtube wp-block-embed-youtube wp-embed-aspect-16-9 wp-has-aspect-ratio\"><div class=\"wp-block-embed__wrapper\">\n<iframe loading=\"lazy\" title=\"Testimonios mentoras Small Grants: Katia L\u00f3pez\" width=\"800\" height=\"450\" src=\"https:\/\/www.youtube.com\/embed\/1Xp9igeatZA?feature=oembed\" frameborder=\"0\" allow=\"accelerometer; autoplay; clipboard-write; encrypted-media; gyroscope; picture-in-picture; web-share\" referrerpolicy=\"strict-origin-when-cross-origin\" allowfullscreen><\/iframe>\n<\/div><figcaption class=\"wp-element-caption\"><strong>Katia L\u00f3pez Mej\u00eda<\/strong><br>Mentora metodol\u00f3gica equipo Argentina<\/figcaption><\/figure>\n\n\n\n<div style=\"height:25px\" aria-hidden=\"true\" class=\"wp-block-spacer\"><\/div>\n\n\n\n<figure class=\"wp-block-embed is-type-video is-provider-youtube wp-block-embed-youtube wp-embed-aspect-16-9 wp-has-aspect-ratio\"><div class=\"wp-block-embed__wrapper\">\n<iframe loading=\"lazy\" title=\"Testimonio mentor senior Small Grants: Carlos Rojas\" width=\"800\" height=\"450\" src=\"https:\/\/www.youtube.com\/embed\/UIgS7BnC088?feature=oembed\" frameborder=\"0\" allow=\"accelerometer; autoplay; clipboard-write; encrypted-media; gyroscope; picture-in-picture; web-share\" referrerpolicy=\"strict-origin-when-cross-origin\" allowfullscreen><\/iframe>\n<\/div><figcaption class=\"wp-element-caption\"><strong>Carlos Rojas Arbel\u00e1ez<\/strong><br>Mentor Senior <\/figcaption><\/figure>\n<\/div>\n<\/div>\n\n\n\n<div style=\"height:22px\" aria-hidden=\"true\" class=\"wp-block-spacer\"><\/div>\n\n\n\n<hr class=\"wp-block-separator has-text-color has-alpha-channel-opacity has-background\" style=\"background-color:#747474;color:#747474\"\/>\n\n\n\n<div style=\"height:22px\" aria-hidden=\"true\" class=\"wp-block-spacer\"><\/div>\n\n\n\n<p class=\"has-black-color has-text-color has-link-color has-small-font-size wp-elements-011b58ce0a7cd9f03c9cf87de57053a6\">[1] Los investigadores de los proyectos beneficiados se encuentran vinculados a las siguientes instituciones: Secretar\u00eda Departamental de Salud de Antioquia, Colombia; Laboratorio de Eco-Epidemiolog\u00eda del Instituto de Ecolog\u00eda Gen\u00e9tica y Evoluci\u00f3n &#8211; CONICET de la Facultad de Ciencias Exactas y Naturales, Universidad de Buenos Aires, Argentina; y Fundaci\u00f3n Etikos, Rep\u00fablica Dominicana.<\/p>\n\n\n\n<p class=\"has-black-color has-text-color has-link-color has-small-font-size wp-elements-7c02a2a2c3385974945bfe9f8ea0a4e3\">[2] Fuente: TDR Implementation research toolkit. Second edition. Disponible en:&nbsp;<a href=\"https:\/\/adphealth.org\/irtoolkit\/\">https:\/\/adphealth.org\/irtoolkit\/<\/a><\/p>\n","protected":false},"featured_media":10649,"template":"","categorias":[33,266,116,114],"boletines":[293],"acf":[],"yoast_head":"<!-- This site is optimized with the Yoast SEO plugin v20.9 - https:\/\/yoast.com\/wordpress\/plugins\/seo\/ -->\n<title>Promoviendo el intercambio de conocimientos y la mentor\u00eda para fortalecer capacidades en investigaci\u00f3n en Latinoam\u00e9rica y el Caribe - Centro Internacional de Entrenamiento e Investigaciones M\u00e9dicas<\/title>\n<meta name=\"robots\" content=\"index, follow, max-snippet:-1, max-image-preview:large, max-video-preview:-1\" \/>\n<link rel=\"canonical\" href=\"https:\/\/cideim.org.co\/cideim\/noticias\/promoviendo-intercambio-de-conocimientos-y-mentoria-lac\/\" \/>\n<meta property=\"og:locale\" content=\"es_ES\" \/>\n<meta property=\"og:type\" content=\"article\" \/>\n<meta property=\"og:title\" content=\"Promoviendo el intercambio de conocimientos y la mentor\u00eda para fortalecer capacidades en investigaci\u00f3n en Latinoam\u00e9rica y el Caribe - Centro Internacional de Entrenamiento e Investigaciones M\u00e9dicas\" \/>\n<meta property=\"og:description\" content=\"Egresadas de la Maestr\u00eda en Epidemiolog\u00eda con \u00e9nfasis en Investigaci\u00f3n de la Implementaci\u00f3n (IR &#8211; Implementation Research) de la Universidad de Antioquia, beneficiarias del programa de becas del TDR\/OMS, acompa\u00f1an como mentoras metodol\u00f3gicas a los proyectos seleccionados en la convocatoria \u201cPeque\u00f1as subvenciones para Investigaci\u00f3n de la Implementaci\u00f3n en la regi\u00f3n de Latinoam\u00e9rica y el Caribe\u201d. [&hellip;]\" \/>\n<meta property=\"og:url\" content=\"https:\/\/cideim.org.co\/cideim\/noticias\/promoviendo-intercambio-de-conocimientos-y-mentoria-lac\/\" \/>\n<meta property=\"og:site_name\" content=\"Centro Internacional de Entrenamiento e Investigaciones M\u00e9dicas\" \/>\n<meta property=\"article:publisher\" content=\"https:\/\/www.facebook.com\/cideim\" \/>\n<meta property=\"article:modified_time\" content=\"2025-10-03T20:09:50+00:00\" \/>\n<meta property=\"og:image\" content=\"https:\/\/cideim.org.co\/cideim\/wp-content\/uploads\/2025\/09\/destacada-nota-mentores-smallgrants.png\" \/>\n\t<meta property=\"og:image:width\" content=\"724\" \/>\n\t<meta property=\"og:image:height\" content=\"724\" \/>\n\t<meta property=\"og:image:type\" content=\"image\/png\" \/>\n<meta name=\"twitter:card\" content=\"summary_large_image\" \/>\n<meta name=\"twitter:label1\" content=\"Tiempo estimado de lectura\" \/>\n\t<meta name=\"twitter:data1\" content=\"4 minutos\" \/>\n<script type=\"application\/ld+json\" class=\"yoast-schema-graph\">{\"@context\":\"https:\/\/schema.org\",\"@graph\":[{\"@type\":\"WebPage\",\"@id\":\"https:\/\/cideim.org.co\/cideim\/noticias\/promoviendo-intercambio-de-conocimientos-y-mentoria-lac\/\",\"url\":\"https:\/\/cideim.org.co\/cideim\/noticias\/promoviendo-intercambio-de-conocimientos-y-mentoria-lac\/\",\"name\":\"Promoviendo el intercambio de conocimientos y la mentor\u00eda para fortalecer capacidades en investigaci\u00f3n en Latinoam\u00e9rica y el Caribe - Centro Internacional de Entrenamiento e Investigaciones M\u00e9dicas\",\"isPartOf\":{\"@id\":\"https:\/\/cideim.org.co\/cideim\/#website\"},\"datePublished\":\"2025-09-02T15:53:44+00:00\",\"dateModified\":\"2025-10-03T20:09:50+00:00\",\"breadcrumb\":{\"@id\":\"https:\/\/cideim.org.co\/cideim\/noticias\/promoviendo-intercambio-de-conocimientos-y-mentoria-lac\/#breadcrumb\"},\"inLanguage\":\"es-CO\",\"potentialAction\":[{\"@type\":\"ReadAction\",\"target\":[\"https:\/\/cideim.org.co\/cideim\/noticias\/promoviendo-intercambio-de-conocimientos-y-mentoria-lac\/\"]}]},{\"@type\":\"BreadcrumbList\",\"@id\":\"https:\/\/cideim.org.co\/cideim\/noticias\/promoviendo-intercambio-de-conocimientos-y-mentoria-lac\/#breadcrumb\",\"itemListElement\":[{\"@type\":\"ListItem\",\"position\":1,\"name\":\"Inicio\",\"item\":\"https:\/\/cideim.org.co\/cideim\/\"},{\"@type\":\"ListItem\",\"position\":2,\"name\":\"Noticias\",\"item\":\"https:\/\/cideim.org.co\/cideim\/noticias\/\"},{\"@type\":\"ListItem\",\"position\":3,\"name\":\"Promoviendo el intercambio de conocimientos y la mentor\u00eda para fortalecer capacidades en investigaci\u00f3n en Latinoam\u00e9rica y el Caribe\"}]},{\"@type\":\"WebSite\",\"@id\":\"https:\/\/cideim.org.co\/cideim\/#website\",\"url\":\"https:\/\/cideim.org.co\/cideim\/\",\"name\":\"CIDEIM | Centro Internacional de Entrenamiento e Investigaciones M\u00e9dicas\",\"description\":\"CIDEIM\",\"publisher\":{\"@id\":\"https:\/\/cideim.org.co\/cideim\/#organization\"},\"potentialAction\":[{\"@type\":\"SearchAction\",\"target\":{\"@type\":\"EntryPoint\",\"urlTemplate\":\"https:\/\/cideim.org.co\/cideim\/?s={search_term_string}\"},\"query-input\":\"required name=search_term_string\"}],\"inLanguage\":\"es-CO\"},{\"@type\":\"Organization\",\"@id\":\"https:\/\/cideim.org.co\/cideim\/#organization\",\"name\":\"Centro Internacional de Entrenamiento e Investigaciones M\u00e9dicas\",\"url\":\"https:\/\/cideim.org.co\/cideim\/\",\"logo\":{\"@type\":\"ImageObject\",\"inLanguage\":\"es-CO\",\"@id\":\"https:\/\/cideim.org.co\/cideim\/#\/schema\/logo\/image\/\",\"url\":\"https:\/\/cideim.org.co\/cideim\/wp-content\/uploads\/2022\/06\/Logo-cideim-1.svg\",\"contentUrl\":\"https:\/\/cideim.org.co\/cideim\/wp-content\/uploads\/2022\/06\/Logo-cideim-1.svg\",\"width\":193,\"height\":143,\"caption\":\"Centro Internacional de Entrenamiento e Investigaciones M\u00e9dicas\"},\"image\":{\"@id\":\"https:\/\/cideim.org.co\/cideim\/#\/schema\/logo\/image\/\"},\"sameAs\":[\"https:\/\/www.facebook.com\/cideim\",\"https:\/\/www.linkedin.com\/company\/cideim\/\"]}]}<\/script>\n<!-- \/ Yoast SEO plugin. -->","yoast_head_json":{"title":"Promoviendo el intercambio de conocimientos y la mentor\u00eda para fortalecer capacidades en investigaci\u00f3n en Latinoam\u00e9rica y el Caribe - Centro Internacional de Entrenamiento e Investigaciones M\u00e9dicas","robots":{"index":"index","follow":"follow","max-snippet":"max-snippet:-1","max-image-preview":"max-image-preview:large","max-video-preview":"max-video-preview:-1"},"canonical":"https:\/\/cideim.org.co\/cideim\/noticias\/promoviendo-intercambio-de-conocimientos-y-mentoria-lac\/","og_locale":"es_ES","og_type":"article","og_title":"Promoviendo el intercambio de conocimientos y la mentor\u00eda para fortalecer capacidades en investigaci\u00f3n en Latinoam\u00e9rica y el Caribe - Centro Internacional de Entrenamiento e Investigaciones M\u00e9dicas","og_description":"Egresadas de la Maestr\u00eda en Epidemiolog\u00eda con \u00e9nfasis en Investigaci\u00f3n de la Implementaci\u00f3n (IR &#8211; Implementation Research) de la Universidad de Antioquia, beneficiarias del programa de becas del TDR\/OMS, acompa\u00f1an como mentoras metodol\u00f3gicas a los proyectos seleccionados en la convocatoria \u201cPeque\u00f1as subvenciones para Investigaci\u00f3n de la Implementaci\u00f3n en la regi\u00f3n de Latinoam\u00e9rica y el Caribe\u201d. [&hellip;]","og_url":"https:\/\/cideim.org.co\/cideim\/noticias\/promoviendo-intercambio-de-conocimientos-y-mentoria-lac\/","og_site_name":"Centro Internacional de Entrenamiento e Investigaciones M\u00e9dicas","article_publisher":"https:\/\/www.facebook.com\/cideim","article_modified_time":"2025-10-03T20:09:50+00:00","og_image":[{"width":724,"height":724,"url":"https:\/\/cideim.org.co\/cideim\/wp-content\/uploads\/2025\/09\/destacada-nota-mentores-smallgrants.png","type":"image\/png"}],"twitter_card":"summary_large_image","twitter_misc":{"Tiempo estimado de lectura":"4 minutos"},"schema":{"@context":"https:\/\/schema.org","@graph":[{"@type":"WebPage","@id":"https:\/\/cideim.org.co\/cideim\/noticias\/promoviendo-intercambio-de-conocimientos-y-mentoria-lac\/","url":"https:\/\/cideim.org.co\/cideim\/noticias\/promoviendo-intercambio-de-conocimientos-y-mentoria-lac\/","name":"Promoviendo el intercambio de conocimientos y la mentor\u00eda para fortalecer capacidades en investigaci\u00f3n en Latinoam\u00e9rica y el Caribe - Centro Internacional de Entrenamiento e Investigaciones M\u00e9dicas","isPartOf":{"@id":"https:\/\/cideim.org.co\/cideim\/#website"},"datePublished":"2025-09-02T15:53:44+00:00","dateModified":"2025-10-03T20:09:50+00:00","breadcrumb":{"@id":"https:\/\/cideim.org.co\/cideim\/noticias\/promoviendo-intercambio-de-conocimientos-y-mentoria-lac\/#breadcrumb"},"inLanguage":"es-CO","potentialAction":[{"@type":"ReadAction","target":["https:\/\/cideim.org.co\/cideim\/noticias\/promoviendo-intercambio-de-conocimientos-y-mentoria-lac\/"]}]},{"@type":"BreadcrumbList","@id":"https:\/\/cideim.org.co\/cideim\/noticias\/promoviendo-intercambio-de-conocimientos-y-mentoria-lac\/#breadcrumb","itemListElement":[{"@type":"ListItem","position":1,"name":"Inicio","item":"https:\/\/cideim.org.co\/cideim\/"},{"@type":"ListItem","position":2,"name":"Noticias","item":"https:\/\/cideim.org.co\/cideim\/noticias\/"},{"@type":"ListItem","position":3,"name":"Promoviendo el intercambio de conocimientos y la mentor\u00eda para fortalecer capacidades en investigaci\u00f3n en Latinoam\u00e9rica y el Caribe"}]},{"@type":"WebSite","@id":"https:\/\/cideim.org.co\/cideim\/#website","url":"https:\/\/cideim.org.co\/cideim\/","name":"CIDEIM | Centro Internacional de Entrenamiento e Investigaciones M\u00e9dicas","description":"CIDEIM","publisher":{"@id":"https:\/\/cideim.org.co\/cideim\/#organization"},"potentialAction":[{"@type":"SearchAction","target":{"@type":"EntryPoint","urlTemplate":"https:\/\/cideim.org.co\/cideim\/?s={search_term_string}"},"query-input":"required name=search_term_string"}],"inLanguage":"es-CO"},{"@type":"Organization","@id":"https:\/\/cideim.org.co\/cideim\/#organization","name":"Centro Internacional de Entrenamiento e Investigaciones M\u00e9dicas","url":"https:\/\/cideim.org.co\/cideim\/","logo":{"@type":"ImageObject","inLanguage":"es-CO","@id":"https:\/\/cideim.org.co\/cideim\/#\/schema\/logo\/image\/","url":"https:\/\/cideim.org.co\/cideim\/wp-content\/uploads\/2022\/06\/Logo-cideim-1.svg","contentUrl":"https:\/\/cideim.org.co\/cideim\/wp-content\/uploads\/2022\/06\/Logo-cideim-1.svg","width":193,"height":143,"caption":"Centro Internacional de Entrenamiento e Investigaciones M\u00e9dicas"},"image":{"@id":"https:\/\/cideim.org.co\/cideim\/#\/schema\/logo\/image\/"},"sameAs":["https:\/\/www.facebook.com\/cideim","https:\/\/www.linkedin.com\/company\/cideim\/"]}]}},"_links":{"self":[{"href":"https:\/\/cideim.org.co\/cideim\/wp-json\/wp\/v2\/noticias\/10648"}],"collection":[{"href":"https:\/\/cideim.org.co\/cideim\/wp-json\/wp\/v2\/noticias"}],"about":[{"href":"https:\/\/cideim.org.co\/cideim\/wp-json\/wp\/v2\/types\/noticias"}],"wp:featuredmedia":[{"embeddable":true,"href":"https:\/\/cideim.org.co\/cideim\/wp-json\/wp\/v2\/media\/10649"}],"wp:attachment":[{"href":"https:\/\/cideim.org.co\/cideim\/wp-json\/wp\/v2\/media?parent=10648"}],"wp:term":[{"taxonomy":"categorias","embeddable":true,"href":"https:\/\/cideim.org.co\/cideim\/wp-json\/wp\/v2\/categorias?post=10648"},{"taxonomy":"boletines","embeddable":true,"href":"https:\/\/cideim.org.co\/cideim\/wp-json\/wp\/v2\/boletines?post=10648"}],"curies":[{"name":"wp","href":"https:\/\/api.w.org\/{rel}","templated":true}]}}