{"id":11641,"date":"2026-01-30T16:38:11","date_gmt":"2026-01-30T21:38:11","guid":{"rendered":"https:\/\/cideim.org.co\/cideim\/?post_type=noticias&#038;p=11641"},"modified":"2026-02-05T11:42:42","modified_gmt":"2026-02-05T16:42:42","slug":"perfil-gustavo-avila-montes-ntd-day-2026","status":"publish","type":"noticias","link":"https:\/\/cideim.org.co\/cideim\/noticias\/perfil-gustavo-avila-montes-ntd-day-2026\/","title":{"rendered":"Gustavo \u00c1vila Montes: Una vida dedicada al empoderamiento comunitario y el control de enfermedades en Honduras y m\u00e1s all\u00e1"},"content":{"rendered":"\n<p>\u2192 <a href=\"https:\/\/tdr.who.int\/newsroom\/feature-stories\/item\/gustavo-%C3%A1vila-montes\" target=\"_blank\" rel=\"noreferrer noopener\">Read this profile in English on the TDR website<\/a>.<\/p>\n\n\n\n<div class=\"wp-block-media-text is-stacked-on-mobile\" style=\"grid-template-columns:30% auto\"><figure class=\"wp-block-media-text__media\"><img data-dominant-color=\"778788\" data-has-transparency=\"false\" style=\"--dominant-color: #778788;\" decoding=\"async\" loading=\"lazy\" width=\"480\" height=\"449\" src=\"https:\/\/cideim.org.co\/cideim\/wp-content\/uploads\/2026\/01\/GustavoAvila_destacadac.png\" alt=\"\" class=\"not-transparent wp-image-11642 size-full\" srcset=\"https:\/\/cideim.org.co\/cideim\/wp-content\/uploads\/2026\/01\/GustavoAvila_destacadac.png 480w, https:\/\/cideim.org.co\/cideim\/wp-content\/uploads\/2026\/01\/GustavoAvila_destacadac-300x281.png 300w\" sizes=\"(max-width: 480px) 100vw, 480px\" \/><\/figure><div class=\"wp-block-media-text__content\">\n<p class=\"has-black-color has-text-color\">El Dr. <a href=\"https:\/\/profiles.tdr-global.net\/Gustavo.Adolfo.Avila.Montes\">Gustavo \u00c1vila Montes<\/a> es un m\u00e9dico e investigador hondure\u00f1o cuya trayectoria de m\u00e1s de 30 a\u00f1os personifica el impacto de la ciencia aplicada a la salud p\u00fablica. El Dr. \u00c1vila ha dedicado su carrera al estudio y control de las enfermedades vectoriales, en particular el dengue y la enfermedad de Chagas, transformando la investigaci\u00f3n en campo en pol\u00edticas p\u00fablicas que han ayudado a mejorar la calidad de vida de miles de personas en Honduras y otros pa\u00edses de Centroam\u00e9rica y el Caribe.<\/p>\n<\/div><\/div>\n\n\n\n<div style=\"height:30px\" aria-hidden=\"true\" class=\"wp-block-spacer\"><\/div>\n\n\n\n<p class=\"has-black-color has-text-color\"><strong><em>Transformando la investigaci\u00f3n en pol\u00edticas nacionales<\/em><\/strong><strong><\/strong><\/p>\n\n\n\n<p class=\"has-black-color has-text-color\">El trabajo del Dr. \u00c1vila se caracteriza por un impacto tangible en el sistema de salud hondure\u00f1o. Los resultados de sus investigaciones sobre Chagas no solo se quedaron en publicaciones cient\u00edficas, sino que sentaron las bases para la creaci\u00f3n del <em>Programa Nacional de la Enfermedad de Chagas<\/em> en Honduras. Como su primer director, el Dr. \u00c1vila lider\u00f3 la implementaci\u00f3n de intervenciones a gran escala en la zona sur del pa\u00eds, una regi\u00f3n con una carga hist\u00f3rica de endemicidad.<\/p>\n\n\n\n<p class=\"has-black-color has-text-color\">El trabajo coordinado entre el <em>Programa Nacional de Chagas <\/em>de Honduras y las Iniciativas Subregionales de la Organizaci\u00f3n Panamericana de la Salud, logr\u00f3 avances significativos en la prevenci\u00f3n y el control de la enfermedad de Chagas. En 2010, el pa\u00eds elimin\u00f3 al insecto <em>Rhodniusprolixus<\/em>, responsable de la transmisi\u00f3n de la enfermedad en gran parte de Centroam\u00e9rica, reduciendo as\u00ed el riesgo para miles de personas en las zonas m\u00e1s afectadas.<\/p>\n\n\n<div class=\"wp-block-image\">\n<figure class=\"aligncenter is-resized\"><img decoding=\"async\" loading=\"lazy\" src=\"https:\/\/cideim.org.co\/cideim\/wp-content\/uploads\/2026\/01\/chagas-capacity-building.jpg\" alt=\"\" class=\"wp-image-11643\" style=\"width:540px;height:315px\" width=\"540\" height=\"315\"\/><figcaption class=\"wp-element-caption\"><sub><em>Capacitaci\u00f3n a promotores rurales de la Comunidad de La Sampedrana en prevenci\u00f3n de la Enfermedad de Chagas, Hospital Sta. Teresa, Comayagua, Honduras. Foto: cortes\u00eda Dr. Gustavo \u00c1vila<\/em>.<\/sub><\/figcaption><\/figure><\/div>\n\n\n<p class=\"has-black-color has-text-color\">De igual manera, los estudios liderados por el Dr. \u00c1vila sobre la efectividad de los programas escolares para la eliminaci\u00f3n de criaderos de mosquitos fueron tan contundentes que el Ministerio de Salud los incorpor\u00f3 en el <em>Programa Nacional de Dengue<\/em>, extendiendo estas acciones a las principales ciudades del pa\u00eds. Tambi\u00e9n ha puesto a disposici\u00f3n su experiencia en salud p\u00fablica para la atenci\u00f3n de cat\u00e1strofes naturales como el paso del Hurac\u00e1n Mitch en 1998. En ese entonces, dirigi\u00f3 el primer proyecto de investigaci\u00f3n de brotes de enfermedades transmisibles en Honduras y form\u00f3 a equipos de investigaci\u00f3n en todo el territorio nacional.<\/p>\n\n\n<div class=\"wp-block-image\">\n<figure class=\"aligncenter size-full is-resized\"><img decoding=\"async\" loading=\"lazy\" src=\"https:\/\/cideim.org.co\/cideim\/wp-content\/uploads\/2026\/01\/school-environmental-programme-against-dengue.jpg\" alt=\"\" class=\"wp-image-11644\" style=\"width:612px;height:459px\" width=\"612\" height=\"459\"\/><figcaption class=\"wp-element-caption\"><sub><em>Gustavo \u00c1vila Montes realizando la identificaci\u00f3n de larvas de Aedes aegypti a docentes de Pena Blanca, Cortes participantes en el Programa Escolar Ambiental contra el dengue, 2019.<\/em> <em>Foto: cortes\u00eda Dr. Gustavo \u00c1vila.<\/em><\/sub><\/figcaption><\/figure><\/div>\n\n\n<p class=\"has-black-color has-text-color\">Su liderazgo se ha extendido tambi\u00e9n a la cooperaci\u00f3n internacional, colaborando estrechamente con la Organizaci\u00f3n Panamericana de la Salud (OPS) y la USAID durante crisis sanitarias como la epidemia de Zika.&nbsp;<\/p>\n\n\n\n<p class=\"has-black-color has-text-color\"><strong><em>El impulso del TDR: as\u00ed inici\u00f3 su carrera en la investigaci\u00f3n en salud<\/em><\/strong><\/p>\n\n\n\n<p class=\"has-black-color has-text-color\">El v\u00ednculo del Dr. \u00c1vila con el Programa Especial de Investigaci\u00f3n y Capacitaci\u00f3n en Enfermedades Tropicales (TDR) fue la chispa que encendi\u00f3 su motor investigativo. En 1990, a su regreso a Honduras luego de culminar sus estudios de maestr\u00eda en Estados Unidos, recibi\u00f3 la invitaci\u00f3n del investigador Dr. Carlos Ponce Garay para participar en una iniciativa financiada por el TDR que buscaba evaluar nuevas herramientas contra la enfermedad de Chagas: la pintura insecticida y el pote fum\u00edgeno.<\/p>\n\n\n\n<p class=\"has-black-color has-text-color\">Con su primera subvenci\u00f3n(<em>grant)<\/em> de investigaci\u00f3n del TDR, el Dr. \u00c1vila estudi\u00f3 la <a href=\"https:\/\/www.scielosp.org\/pdf\/rpsp\/v6n5\/0955.pdf\">aceptabilidad de estas herramientas en las comunidades<\/a>. Poco despu\u00e9s, una segunda subvenci\u00f3n del TDR le permiti\u00f3 evaluar un programa escolar para el control del dengue, dise\u00f1ado a partir de su experiencia previa con los Centros de Control de Enfermedades de Estados Unidos (CDC) en Puerto Rico. &#8220;Logramos demostrar la efectividad del programa escolar como herramienta complementaria para el control del dengue y para promover la participaci\u00f3n comunitaria. Esto impuls\u00f3 mi carrera y me llev\u00f3 a incursionar en otros campos de la salud p\u00fablica&#8221;, recuerda el doctor.<\/p>\n\n\n\n<p class=\"has-black-color has-text-color\"><strong><em>Ciencia con rostro humano y empoderamiento comunitario<\/em><\/strong><\/p>\n\n\n\n<p class=\"has-black-color has-text-color\">Para el Dr. \u00c1vila, la participaci\u00f3n comunitaria es el eje central de cualquier intervenci\u00f3n exitosa. Su labor ha abarcado desde la supervivencia infantil en el occidente de Honduras \u2014donde coordin\u00f3 programas educativos radiales para mejorar la nutrici\u00f3n en zonas rurales de dif\u00edcil acceso\u2014 hasta la salud reproductiva.<\/p>\n\n\n\n<p class=\"has-black-color has-text-color\">Una de sus experiencias m\u00e1s satisfactorias ha sido el estudio de los factores de riesgo en el embarazo adolescente. Bajo su direcci\u00f3n, se implement\u00f3 un programa que alcanz\u00f3 a m\u00e1s de 20,000 j\u00f3venes en sectores urbanos marginales. &#8220;Fue muy edificante observar el nivel de empoderamiento de estos j\u00f3venes para la toma de decisiones y verlos perseverar en sus proyectos de vida&#8221;, afirma con orgullo.<\/p>\n\n\n\n<p class=\"has-black-color has-text-color\"><strong><em>Liderazgo y visi\u00f3n de futuro<\/em><\/strong><\/p>\n\n\n\n<p class=\"has-black-color has-text-color\">Adem\u00e1s de su impacto directo en las comunidades, el Dr. \u00c1vila se ha destacado por su compromiso con el fortalecimiento del talento humano en salud. Como exdirector regional del <em>Proyecto Centroamericano de VIH<\/em>, impuls\u00f3 la democratizaci\u00f3n del conocimiento para el personal de salud mediante plataformas digitales y cursos en l\u00ednea.<\/p>\n\n\n\n<p class=\"has-black-color has-text-color\">Recientemente, en 2024, dirigi\u00f3 el componente de comunicaci\u00f3n de riesgos bajo el marco de Una Salud para el proyecto global <a href=\"https:\/\/www.fhi360.org\/projects\/meeting-targets-and-maintaining-epidemic-control-epic\/\">Meeting Targets and Maintaining Epidemic Control (EpiC)<\/a> (Cumplimiento de objetivos y mantenimiento del control de epidemias), financiado por el Departamento de Estado de EE. UU. y PEPFAR, entrenando a nueve mesas de trabajo intersectoriales en Honduras en comunicaci\u00f3n del riesgo y participaci\u00f3n comunitaria, y brindando asesor\u00eda t\u00e9cnica al <em>\u201cComit\u00e9 de comunicaci\u00f3n de riegos y participaci\u00f3n comunitaria\u201d<\/em> de la Secretar\u00eda de Salud de Honduras.<\/p>\n\n\n\n<p class=\"has-black-color has-text-color\">Adicionalmente, el Dr. \u00c1vila contin\u00faa su labor como mentor de j\u00f3venes cient\u00edficos, promoviendo la investigaci\u00f3n de la implementaci\u00f3n como la v\u00eda m\u00e1s efectiva para resolver problemas de salud locales.Al reflexionar sobre el futuro de la investigaci\u00f3n en salud en Latinoam\u00e9rica, el Dr. \u00c1vila es claro: la investigaci\u00f3n local es la br\u00fajula que debe guiar el sistema cient\u00edfico y acad\u00e9mico. &#8220;El futuro de la investigaci\u00f3n deber\u00e1 centrarse en la innovaci\u00f3n tecnol\u00f3gica para superar las desigualdades hist\u00f3ricas y mejorar la calidad y el acceso a la atenci\u00f3n en salud. Necesitamos investigaciones \u00fatiles, pertinentes y sostenibles, que respondan a los desaf\u00edos reales de salud p\u00fablica de nuestros pa\u00edses, con un compromiso de gobernanza compartido entre gobiernos, academia, el sector privado y organizaciones de salud&#8221;.<\/p>\n\n\n\n<figure class=\"wp-block-embed aligncenter is-type-video is-provider-youtube wp-block-embed-youtube wp-embed-aspect-16-9 wp-has-aspect-ratio\"><div class=\"wp-block-embed__wrapper\">\n<iframe loading=\"lazy\" title=\"Gustavo \u00c1vila Montes: una vida dedicada al control de enfermedades en Honduras y m\u00e1s all\u00e1\" width=\"800\" height=\"450\" src=\"https:\/\/www.youtube.com\/embed\/ul4KZlekw-E?feature=oembed\" frameborder=\"0\" allow=\"accelerometer; autoplay; clipboard-write; encrypted-media; gyroscope; picture-in-picture; web-share\" referrerpolicy=\"strict-origin-when-cross-origin\" allowfullscreen><\/iframe>\n<\/div><\/figure>\n\n\n\n<hr class=\"wp-block-separator has-alpha-channel-opacity\"\/>\n\n\n\n<div style=\"height:30px\" aria-hidden=\"true\" class=\"wp-block-spacer\"><\/div>\n\n\n\n<p class=\"has-black-color has-text-color has-small-font-size\"><em><strong>Referencias<\/strong><\/em><\/p>\n\n\n\n<p class=\"has-black-color has-text-color has-small-font-size\">Gustavo Adolfo \u00c1vila Montes, Carlos Ponce, Elisa Ponce, Mercedes Mart\u00ednez Hern\u00e1ndez, and Mario Flores. (1999). <em>Insecticidal paint and fumigant canisters for Chagas\u2019 disease control: community acceptance in Honduras<\/em>. Disponible en <a href=\"https:\/\/www.scielosp.org\/pdf\/rpsp\/v6n5\/0955.pdf\">https:\/\/www.scielosp.org\/pdf\/rpsp\/v6n5\/0955.pdf<\/a><\/p>\n\n\n\n<p class=\"has-black-color has-text-color has-small-font-size\">Organizaci\u00f3n Panamericana de la Salud. (s.f.) <em>Am\u00e9rica Central vence al vector ex\u00f3tico de la enfermedad de Chagas<\/em>. Disponible en <a href=\"https:\/\/www.paho.org\/es\/historias\/america-central-vence-al-vector-exotico-enfermedad-chagas\">https:\/\/www.paho.org\/es\/historias\/america-central-vence-al-vector-exotico-enfermedad-chagas<\/a><\/p>\n\n\n\n<p class=\"has-black-color has-text-color has-small-font-size\">FHI 360. (2026). <em>Meeting Targets and Maintaining Epidemic Control (EpiC)<\/em>. <a href=\"https:\/\/www.fhi360.org\/projects\/meeting-targets-and-maintaining-epidemic-control-epic\/\">https:\/\/www.fhi360.org\/projects\/meeting-targets-and-maintaining-epidemic-control-epic\/<\/a><\/p>\n","protected":false},"featured_media":11642,"template":"","categorias":[114,31],"boletines":[307],"acf":[],"yoast_head":"<!-- This site is optimized with the Yoast SEO plugin v20.9 - https:\/\/yoast.com\/wordpress\/plugins\/seo\/ -->\n<title>Gustavo \u00c1vila Montes: Una vida dedicada al empoderamiento comunitario y el control de enfermedades en Honduras y m\u00e1s all\u00e1 - Centro Internacional de Entrenamiento e Investigaciones M\u00e9dicas<\/title>\n<meta name=\"robots\" content=\"index, follow, max-snippet:-1, max-image-preview:large, max-video-preview:-1\" \/>\n<link rel=\"canonical\" href=\"https:\/\/cideim.org.co\/cideim\/noticias\/perfil-gustavo-avila-montes-ntd-day-2026\/\" \/>\n<meta property=\"og:locale\" content=\"es_ES\" \/>\n<meta property=\"og:type\" content=\"article\" \/>\n<meta property=\"og:title\" content=\"Gustavo \u00c1vila Montes: Una vida dedicada al empoderamiento comunitario y el control de enfermedades en Honduras y m\u00e1s all\u00e1 - Centro Internacional de Entrenamiento e Investigaciones M\u00e9dicas\" \/>\n<meta property=\"og:description\" content=\"\u2192 Read this profile in English on the TDR website. El Dr. Gustavo \u00c1vila Montes es un m\u00e9dico e investigador hondure\u00f1o cuya trayectoria de m\u00e1s de 30 a\u00f1os personifica el impacto de la ciencia aplicada a la salud p\u00fablica. El Dr. \u00c1vila ha dedicado su carrera al estudio y control de las enfermedades vectoriales, en [&hellip;]\" \/>\n<meta property=\"og:url\" content=\"https:\/\/cideim.org.co\/cideim\/noticias\/perfil-gustavo-avila-montes-ntd-day-2026\/\" \/>\n<meta property=\"og:site_name\" content=\"Centro Internacional de Entrenamiento e Investigaciones M\u00e9dicas\" \/>\n<meta property=\"article:publisher\" content=\"https:\/\/www.facebook.com\/cideim\" \/>\n<meta property=\"article:modified_time\" content=\"2026-02-05T16:42:42+00:00\" \/>\n<meta property=\"og:image\" content=\"https:\/\/cideim.org.co\/cideim\/wp-content\/uploads\/2026\/01\/GustavoAvila_destacadac.png\" \/>\n\t<meta property=\"og:image:width\" content=\"480\" \/>\n\t<meta property=\"og:image:height\" content=\"449\" \/>\n\t<meta property=\"og:image:type\" content=\"image\/png\" \/>\n<meta name=\"twitter:card\" content=\"summary_large_image\" \/>\n<meta name=\"twitter:label1\" content=\"Tiempo estimado de lectura\" \/>\n\t<meta name=\"twitter:data1\" content=\"6 minutos\" \/>\n<script type=\"application\/ld+json\" class=\"yoast-schema-graph\">{\"@context\":\"https:\/\/schema.org\",\"@graph\":[{\"@type\":\"WebPage\",\"@id\":\"https:\/\/cideim.org.co\/cideim\/noticias\/perfil-gustavo-avila-montes-ntd-day-2026\/\",\"url\":\"https:\/\/cideim.org.co\/cideim\/noticias\/perfil-gustavo-avila-montes-ntd-day-2026\/\",\"name\":\"Gustavo \u00c1vila Montes: Una vida dedicada al empoderamiento comunitario y el control de enfermedades en Honduras y m\u00e1s all\u00e1 - Centro Internacional de Entrenamiento e Investigaciones M\u00e9dicas\",\"isPartOf\":{\"@id\":\"https:\/\/cideim.org.co\/cideim\/#website\"},\"datePublished\":\"2026-01-30T21:38:11+00:00\",\"dateModified\":\"2026-02-05T16:42:42+00:00\",\"breadcrumb\":{\"@id\":\"https:\/\/cideim.org.co\/cideim\/noticias\/perfil-gustavo-avila-montes-ntd-day-2026\/#breadcrumb\"},\"inLanguage\":\"es-CO\",\"potentialAction\":[{\"@type\":\"ReadAction\",\"target\":[\"https:\/\/cideim.org.co\/cideim\/noticias\/perfil-gustavo-avila-montes-ntd-day-2026\/\"]}]},{\"@type\":\"BreadcrumbList\",\"@id\":\"https:\/\/cideim.org.co\/cideim\/noticias\/perfil-gustavo-avila-montes-ntd-day-2026\/#breadcrumb\",\"itemListElement\":[{\"@type\":\"ListItem\",\"position\":1,\"name\":\"Inicio\",\"item\":\"https:\/\/cideim.org.co\/cideim\/\"},{\"@type\":\"ListItem\",\"position\":2,\"name\":\"Noticias\",\"item\":\"https:\/\/cideim.org.co\/cideim\/noticias\/\"},{\"@type\":\"ListItem\",\"position\":3,\"name\":\"Gustavo \u00c1vila Montes: Una vida dedicada al empoderamiento comunitario y el control de enfermedades en Honduras y m\u00e1s all\u00e1\"}]},{\"@type\":\"WebSite\",\"@id\":\"https:\/\/cideim.org.co\/cideim\/#website\",\"url\":\"https:\/\/cideim.org.co\/cideim\/\",\"name\":\"CIDEIM | Centro Internacional de Entrenamiento e Investigaciones M\u00e9dicas\",\"description\":\"CIDEIM\",\"publisher\":{\"@id\":\"https:\/\/cideim.org.co\/cideim\/#organization\"},\"potentialAction\":[{\"@type\":\"SearchAction\",\"target\":{\"@type\":\"EntryPoint\",\"urlTemplate\":\"https:\/\/cideim.org.co\/cideim\/?s={search_term_string}\"},\"query-input\":\"required name=search_term_string\"}],\"inLanguage\":\"es-CO\"},{\"@type\":\"Organization\",\"@id\":\"https:\/\/cideim.org.co\/cideim\/#organization\",\"name\":\"Centro Internacional de Entrenamiento e Investigaciones M\u00e9dicas\",\"url\":\"https:\/\/cideim.org.co\/cideim\/\",\"logo\":{\"@type\":\"ImageObject\",\"inLanguage\":\"es-CO\",\"@id\":\"https:\/\/cideim.org.co\/cideim\/#\/schema\/logo\/image\/\",\"url\":\"https:\/\/cideim.org.co\/cideim\/wp-content\/uploads\/2022\/06\/Logo-cideim-1.svg\",\"contentUrl\":\"https:\/\/cideim.org.co\/cideim\/wp-content\/uploads\/2022\/06\/Logo-cideim-1.svg\",\"width\":193,\"height\":143,\"caption\":\"Centro Internacional de Entrenamiento e Investigaciones M\u00e9dicas\"},\"image\":{\"@id\":\"https:\/\/cideim.org.co\/cideim\/#\/schema\/logo\/image\/\"},\"sameAs\":[\"https:\/\/www.facebook.com\/cideim\",\"https:\/\/www.linkedin.com\/company\/cideim\/\"]}]}<\/script>\n<!-- \/ Yoast SEO plugin. -->","yoast_head_json":{"title":"Gustavo \u00c1vila Montes: Una vida dedicada al empoderamiento comunitario y el control de enfermedades en Honduras y m\u00e1s all\u00e1 - Centro Internacional de Entrenamiento e Investigaciones M\u00e9dicas","robots":{"index":"index","follow":"follow","max-snippet":"max-snippet:-1","max-image-preview":"max-image-preview:large","max-video-preview":"max-video-preview:-1"},"canonical":"https:\/\/cideim.org.co\/cideim\/noticias\/perfil-gustavo-avila-montes-ntd-day-2026\/","og_locale":"es_ES","og_type":"article","og_title":"Gustavo \u00c1vila Montes: Una vida dedicada al empoderamiento comunitario y el control de enfermedades en Honduras y m\u00e1s all\u00e1 - Centro Internacional de Entrenamiento e Investigaciones M\u00e9dicas","og_description":"\u2192 Read this profile in English on the TDR website. El Dr. Gustavo \u00c1vila Montes es un m\u00e9dico e investigador hondure\u00f1o cuya trayectoria de m\u00e1s de 30 a\u00f1os personifica el impacto de la ciencia aplicada a la salud p\u00fablica. El Dr. \u00c1vila ha dedicado su carrera al estudio y control de las enfermedades vectoriales, en [&hellip;]","og_url":"https:\/\/cideim.org.co\/cideim\/noticias\/perfil-gustavo-avila-montes-ntd-day-2026\/","og_site_name":"Centro Internacional de Entrenamiento e Investigaciones M\u00e9dicas","article_publisher":"https:\/\/www.facebook.com\/cideim","article_modified_time":"2026-02-05T16:42:42+00:00","og_image":[{"width":480,"height":449,"url":"https:\/\/cideim.org.co\/cideim\/wp-content\/uploads\/2026\/01\/GustavoAvila_destacadac.png","type":"image\/png"}],"twitter_card":"summary_large_image","twitter_misc":{"Tiempo estimado de lectura":"6 minutos"},"schema":{"@context":"https:\/\/schema.org","@graph":[{"@type":"WebPage","@id":"https:\/\/cideim.org.co\/cideim\/noticias\/perfil-gustavo-avila-montes-ntd-day-2026\/","url":"https:\/\/cideim.org.co\/cideim\/noticias\/perfil-gustavo-avila-montes-ntd-day-2026\/","name":"Gustavo \u00c1vila Montes: Una vida dedicada al empoderamiento comunitario y el control de enfermedades en Honduras y m\u00e1s all\u00e1 - Centro Internacional de Entrenamiento e Investigaciones M\u00e9dicas","isPartOf":{"@id":"https:\/\/cideim.org.co\/cideim\/#website"},"datePublished":"2026-01-30T21:38:11+00:00","dateModified":"2026-02-05T16:42:42+00:00","breadcrumb":{"@id":"https:\/\/cideim.org.co\/cideim\/noticias\/perfil-gustavo-avila-montes-ntd-day-2026\/#breadcrumb"},"inLanguage":"es-CO","potentialAction":[{"@type":"ReadAction","target":["https:\/\/cideim.org.co\/cideim\/noticias\/perfil-gustavo-avila-montes-ntd-day-2026\/"]}]},{"@type":"BreadcrumbList","@id":"https:\/\/cideim.org.co\/cideim\/noticias\/perfil-gustavo-avila-montes-ntd-day-2026\/#breadcrumb","itemListElement":[{"@type":"ListItem","position":1,"name":"Inicio","item":"https:\/\/cideim.org.co\/cideim\/"},{"@type":"ListItem","position":2,"name":"Noticias","item":"https:\/\/cideim.org.co\/cideim\/noticias\/"},{"@type":"ListItem","position":3,"name":"Gustavo \u00c1vila Montes: Una vida dedicada al empoderamiento comunitario y el control de enfermedades en Honduras y m\u00e1s all\u00e1"}]},{"@type":"WebSite","@id":"https:\/\/cideim.org.co\/cideim\/#website","url":"https:\/\/cideim.org.co\/cideim\/","name":"CIDEIM | Centro Internacional de Entrenamiento e Investigaciones M\u00e9dicas","description":"CIDEIM","publisher":{"@id":"https:\/\/cideim.org.co\/cideim\/#organization"},"potentialAction":[{"@type":"SearchAction","target":{"@type":"EntryPoint","urlTemplate":"https:\/\/cideim.org.co\/cideim\/?s={search_term_string}"},"query-input":"required name=search_term_string"}],"inLanguage":"es-CO"},{"@type":"Organization","@id":"https:\/\/cideim.org.co\/cideim\/#organization","name":"Centro Internacional de Entrenamiento e Investigaciones M\u00e9dicas","url":"https:\/\/cideim.org.co\/cideim\/","logo":{"@type":"ImageObject","inLanguage":"es-CO","@id":"https:\/\/cideim.org.co\/cideim\/#\/schema\/logo\/image\/","url":"https:\/\/cideim.org.co\/cideim\/wp-content\/uploads\/2022\/06\/Logo-cideim-1.svg","contentUrl":"https:\/\/cideim.org.co\/cideim\/wp-content\/uploads\/2022\/06\/Logo-cideim-1.svg","width":193,"height":143,"caption":"Centro Internacional de Entrenamiento e Investigaciones M\u00e9dicas"},"image":{"@id":"https:\/\/cideim.org.co\/cideim\/#\/schema\/logo\/image\/"},"sameAs":["https:\/\/www.facebook.com\/cideim","https:\/\/www.linkedin.com\/company\/cideim\/"]}]}},"_links":{"self":[{"href":"https:\/\/cideim.org.co\/cideim\/wp-json\/wp\/v2\/noticias\/11641"}],"collection":[{"href":"https:\/\/cideim.org.co\/cideim\/wp-json\/wp\/v2\/noticias"}],"about":[{"href":"https:\/\/cideim.org.co\/cideim\/wp-json\/wp\/v2\/types\/noticias"}],"wp:featuredmedia":[{"embeddable":true,"href":"https:\/\/cideim.org.co\/cideim\/wp-json\/wp\/v2\/media\/11642"}],"wp:attachment":[{"href":"https:\/\/cideim.org.co\/cideim\/wp-json\/wp\/v2\/media?parent=11641"}],"wp:term":[{"taxonomy":"categorias","embeddable":true,"href":"https:\/\/cideim.org.co\/cideim\/wp-json\/wp\/v2\/categorias?post=11641"},{"taxonomy":"boletines","embeddable":true,"href":"https:\/\/cideim.org.co\/cideim\/wp-json\/wp\/v2\/boletines?post=11641"}],"curies":[{"name":"wp","href":"https:\/\/api.w.org\/{rel}","templated":true}]}}