{"id":9209,"date":"2024-08-06T13:19:53","date_gmt":"2024-08-06T18:19:53","guid":{"rendered":"https:\/\/cideim.org.co\/cideim_new\/?post_type=noticias&#038;p=9209"},"modified":"2025-04-03T15:04:38","modified_gmt":"2025-04-03T20:04:38","slug":"investigador-de-cideim-participara-en-programa-de-mentoria-internacional-en-dermatologia-de-gloderm","status":"publish","type":"noticias","link":"https:\/\/cideim.org.co\/cideim\/noticias\/investigador-de-cideim-participara-en-programa-de-mentoria-internacional-en-dermatologia-de-gloderm\/","title":{"rendered":"Investigador de CIDEIM participar\u00e1 en programa de mentor\u00eda internacional en dermatolog\u00eda de GLODERM"},"content":{"rendered":"\n<p class=\"has-text-color\" style=\"color:#333333\">El investigador de CIDEIM\u00a0<strong>Jonny Alejandro Garc\u00eda Luna<\/strong>, fue admitido en el programa de mentor\u00eda de la\u00a0<a href=\"https:\/\/gloderm.org\/\" target=\"_blank\" rel=\"noreferrer noopener\">Alianza Internacional para la Dermatolog\u00eda en Salud Global &#8211; GLODERM<\/a>\u00a0(por sus siglas en ingl\u00e9s). Este programa es apoyado por la Liga Internacional de Sociedades Dermatol\u00f3gicas- ILDS (por sus siglas en ingl\u00e9s), agremiaci\u00f3n cient\u00edfica global que agrupa a las sociedades dermatol\u00f3gicas de muchos pa\u00edses, entre ellas\u00a0<a href=\"https:\/\/asocolderma.org.co\/\" target=\"_blank\" rel=\"noreferrer noopener\">Asocolderma<\/a>\u00a0<sup>(1)<\/sup>, y enfoca sus acciones en la promoci\u00f3n de la salud de la piel en todo el mundo a trav\u00e9s de un mejor acceso a la atenci\u00f3n, la capacitaci\u00f3n, la promoci\u00f3n, el desarrollo de capacidades, la atenci\u00f3n cl\u00ednica y la investigaci\u00f3n\u00a0<sup>(2)<\/sup><\/p>\n\n\n\n<p class=\"has-text-color\" style=\"color:#333333\">El\u00a0<a href=\"https:\/\/gloderm.org\/mentorship-programme\/\" target=\"_blank\" rel=\"noreferrer noopener\">programa de mentor\u00eda de GLODERM<\/a>\u00a0inici\u00f3 en el a\u00f1o 2022, Jonny har\u00e1 parte de la tercera cohorte de profesionales que participan en este programa. Los mentees reciben entrenamiento en liderazgo, desarrollo de programas, pol\u00edticas p\u00fablicas y evaluaci\u00f3n, adem\u00e1s de un componente de interacci\u00f3n con la industria farmac\u00e9utica.<\/p>\n\n\n<div class=\"wp-block-image\">\n<figure class=\"aligncenter size-large is-resized\"><img data-dominant-color=\"95a7d1\" data-has-transparency=\"false\" decoding=\"async\" loading=\"lazy\" src=\"https:\/\/cideim.org.co\/cideim_new\/wp-content\/uploads\/2024\/08\/jonny-gloderm-mentor-1024x576.png\" alt=\"\" class=\"not-transparent wp-image-9211\" style=\"--dominant-color: #95a7d1; object-fit:contain;width:622px;height:350px\" width=\"622\" height=\"350\" srcset=\"https:\/\/cideim.org.co\/cideim\/wp-content\/uploads\/2024\/08\/jonny-gloderm-mentor-1024x576.png 1024w, https:\/\/cideim.org.co\/cideim\/wp-content\/uploads\/2024\/08\/jonny-gloderm-mentor-300x169.png 300w, https:\/\/cideim.org.co\/cideim\/wp-content\/uploads\/2024\/08\/jonny-gloderm-mentor-768x432.png 768w, https:\/\/cideim.org.co\/cideim\/wp-content\/uploads\/2024\/08\/jonny-gloderm-mentor-1536x864.png 1536w, https:\/\/cideim.org.co\/cideim\/wp-content\/uploads\/2024\/08\/jonny-gloderm-mentor.png 1920w\" sizes=\"(max-width: 622px) 100vw, 622px\" \/><\/figure><\/div>\n\n\n<div style=\"height:20px\" aria-hidden=\"true\" class=\"wp-block-spacer\"><\/div>\n\n\n\n<p class=\"has-text-color\" style=\"color:#333333\">Para aplicar, los candidatos deben especificar cu\u00e1l es el problema dermatol\u00f3gico que desean abordar; luego de ser admitidos, se les asigna un mentor con experiencia en salud global y en el \u00e1rea de inter\u00e9s del mentee. El mentor de Jonny es el<strong>&nbsp;Dr. Niraj Parajuli<\/strong>&nbsp;<sup>(3)<\/sup>, dermat\u00f3logo cl\u00ednico, consultor s\u00e9nior y profesor adjunto en la&nbsp;<a href=\"https:\/\/birhospital.gov.np\/en\" target=\"_blank\" rel=\"noreferrer noopener\">Academia Nacional de Ciencias M\u00e9dicas de Nepal<\/a>, con una amplia trayectoria en la investigaci\u00f3n de enfermedades tropicales desatendidas relacionadas con la piel y enfermedades cut\u00e1neas raras.<\/p>\n\n\n\n<p class=\"has-text-color\" style=\"color:#333333\">Jonny inici\u00f3 su carrera como investigador en CIDEIM, en el programa Fellow en Investigaci\u00f3n Cl\u00ednica y Comunitaria. Hoy, es investigador asociado en el \u00e1rea de s\u00edfilis, donde surgi\u00f3 la idea de aplicar al programa de mentor\u00eda. \u201cUna de las investigaciones m\u00e1s recientes que hicimos, se enfoc\u00f3 en evaluar la prevalencia de infecciones de transmisi\u00f3n sexual (ITS) en minor\u00edas sexuales y de g\u00e9nero. Encontramos que, aunque en nuestro pa\u00eds las pruebas para s\u00edfilis y VIH son accesibles y cubiertas por el sistema de salud, hay muchas personas con estas enfermedades. Luego de obtener estos resultados de investigaci\u00f3n, nuestra gran pregunta es \u00bfc\u00f3mo lograr que nuestros resultados impacten la pol\u00edtica p\u00fablica? El objetivo de mi participaci\u00f3n en este programa de mentor\u00eda es fortalecer la parte de pol\u00edtica p\u00fablica, para que estos resultados se traduzcan en acciones concretas que beneficien a la comunidad\u201d.<\/p>\n\n\n\n<p class=\"has-text-color\" style=\"color:#333333\">El programa es h\u00edbrido, cuenta con un componente virtual donde se hacen reuniones mensuales con el mentor y se desarrollan las actividades de formaci\u00f3n; mientras que el componente presencial cuenta con tres actividades:<\/p>\n\n\n\n<ul class=\"has-text-color\" style=\"color:#333333\">\n<li>Una reuni\u00f3n en el Regional Dermatology Training Center, ubicado en Moshi, Tanzania, a realizarse en enero de 2025.<\/li>\n\n\n\n<li>Un mes de entrenamiento presencial con el mentor asignado.<\/li>\n\n\n\n<li>Participaci\u00f3n en el International Congress of Dermatology, a realizarse en Roma, Italia, en junio de 2025, que incluye una reuni\u00f3n entre todos los participantes de la \u00faltima cohorte de mentees.<\/li>\n<\/ul>\n\n\n\n<p class=\"has-text-color\" style=\"color:#333333\"><em><br>*Jonny Alejandro Garc\u00eda es M\u00e9dico de la Universidad del Valle (2017), con Maestr\u00eda en Ciencias de la Salud Global y Epidemiolog\u00eda de la Universidad de Oxford. Actualmente, estudia la Especializaci\u00f3n en Dermatolog\u00eda en la Universidad del Valle.<\/em><\/p>\n\n\n\n<hr class=\"wp-block-separator has-alpha-channel-opacity\"\/>\n\n\n\n<div style=\"height:20px\" aria-hidden=\"true\" class=\"wp-block-spacer\"><\/div>\n\n\n\n<p class=\"has-text-color has-small-font-size\" style=\"color:#434343\">1. Asociaci\u00f3n Colombiana de Dermatolog\u00eda y Cirug\u00eda Dermatol\u00f3gica. https:\/\/asocolderma.org.co\/<\/p>\n\n\n\n<p class=\"has-text-color has-small-font-size\" style=\"color:#434343\">2. Fuente: P\u00e1gina web International Alliance for Global Health Dermatology GLODERM. Disponible en: https:\/\/gloderm.org\/<\/p>\n\n\n\n<p class=\"has-text-color has-small-font-size\" style=\"color:#434343\">3.&nbsp;Adem\u00e1s de su cargo como consultor s\u00e9nior y profesor adjunto en la Academia Nacional de Ciencias M\u00e9dicas de Nepal; el Dr. Parajuli&nbsp;es el secretario general de la Sociedad de Dermat\u00f3logos, Venere\u00f3logos y Lepr\u00f3logos de Nepal (<a href=\"https:\/\/sodvelon.com\/\" target=\"_blank\" rel=\"noreferrer noopener\">SODVELON<\/a>).<\/p>\n","protected":false},"featured_media":9210,"template":"","categorias":[116,34],"boletines":[263],"acf":[],"yoast_head":"<!-- This site is optimized with the Yoast SEO plugin v20.9 - https:\/\/yoast.com\/wordpress\/plugins\/seo\/ -->\n<title>Investigador de CIDEIM participar\u00e1 en programa de mentor\u00eda internacional en dermatolog\u00eda de GLODERM - Centro Internacional de Entrenamiento e Investigaciones M\u00e9dicas<\/title>\n<meta name=\"description\" content=\"El investigador de CIDEIM Jonny Alejandro Garc\u00eda, fue admitido en el programa de mentor\u00eda de la Alianza Internacional para la Dermatolog\u00eda en Salud Global - GLODERM (por sus siglas en ingl\u00e9s).\" \/>\n<meta name=\"robots\" content=\"index, follow, max-snippet:-1, max-image-preview:large, max-video-preview:-1\" \/>\n<link rel=\"canonical\" href=\"https:\/\/cideim.org.co\/cideim\/noticias\/investigador-de-cideim-participara-en-programa-de-mentoria-internacional-en-dermatologia-de-gloderm\/\" \/>\n<meta property=\"og:locale\" content=\"es_ES\" \/>\n<meta property=\"og:type\" content=\"article\" \/>\n<meta property=\"og:title\" content=\"Investigador de CIDEIM participar\u00e1 en programa de mentor\u00eda internacional en dermatolog\u00eda de GLODERM - Centro Internacional de Entrenamiento e Investigaciones M\u00e9dicas\" \/>\n<meta property=\"og:description\" content=\"El investigador de CIDEIM Jonny Alejandro Garc\u00eda, fue admitido en el programa de mentor\u00eda de la Alianza Internacional para la Dermatolog\u00eda en Salud Global - GLODERM (por sus siglas en ingl\u00e9s).\" \/>\n<meta property=\"og:url\" content=\"https:\/\/cideim.org.co\/cideim\/noticias\/investigador-de-cideim-participara-en-programa-de-mentoria-internacional-en-dermatologia-de-gloderm\/\" \/>\n<meta property=\"og:site_name\" content=\"Centro Internacional de Entrenamiento e Investigaciones M\u00e9dicas\" \/>\n<meta property=\"article:publisher\" content=\"https:\/\/www.facebook.com\/cideim\" \/>\n<meta property=\"article:modified_time\" content=\"2025-04-03T20:04:38+00:00\" \/>\n<meta property=\"og:image\" content=\"https:\/\/cideim.org.co\/cideim\/wp-content\/uploads\/2024\/08\/jonny-gloderm-destacada.png\" \/>\n\t<meta property=\"og:image:width\" content=\"1080\" \/>\n\t<meta property=\"og:image:height\" content=\"1080\" \/>\n\t<meta property=\"og:image:type\" content=\"image\/png\" \/>\n<meta name=\"twitter:card\" content=\"summary_large_image\" \/>\n<meta name=\"twitter:label1\" content=\"Tiempo estimado de lectura\" \/>\n\t<meta name=\"twitter:data1\" content=\"3 minutos\" \/>\n<script type=\"application\/ld+json\" class=\"yoast-schema-graph\">{\"@context\":\"https:\/\/schema.org\",\"@graph\":[{\"@type\":\"WebPage\",\"@id\":\"https:\/\/cideim.org.co\/cideim\/noticias\/investigador-de-cideim-participara-en-programa-de-mentoria-internacional-en-dermatologia-de-gloderm\/\",\"url\":\"https:\/\/cideim.org.co\/cideim\/noticias\/investigador-de-cideim-participara-en-programa-de-mentoria-internacional-en-dermatologia-de-gloderm\/\",\"name\":\"Investigador de CIDEIM participar\u00e1 en programa de mentor\u00eda internacional en dermatolog\u00eda de GLODERM - Centro Internacional de Entrenamiento e Investigaciones M\u00e9dicas\",\"isPartOf\":{\"@id\":\"https:\/\/cideim.org.co\/cideim\/#website\"},\"datePublished\":\"2024-08-06T18:19:53+00:00\",\"dateModified\":\"2025-04-03T20:04:38+00:00\",\"description\":\"El investigador de CIDEIM Jonny Alejandro Garc\u00eda, fue admitido en el programa de mentor\u00eda de la Alianza Internacional para la Dermatolog\u00eda en Salud Global - GLODERM (por sus siglas en ingl\u00e9s).\",\"breadcrumb\":{\"@id\":\"https:\/\/cideim.org.co\/cideim\/noticias\/investigador-de-cideim-participara-en-programa-de-mentoria-internacional-en-dermatologia-de-gloderm\/#breadcrumb\"},\"inLanguage\":\"es-CO\",\"potentialAction\":[{\"@type\":\"ReadAction\",\"target\":[\"https:\/\/cideim.org.co\/cideim\/noticias\/investigador-de-cideim-participara-en-programa-de-mentoria-internacional-en-dermatologia-de-gloderm\/\"]}]},{\"@type\":\"BreadcrumbList\",\"@id\":\"https:\/\/cideim.org.co\/cideim\/noticias\/investigador-de-cideim-participara-en-programa-de-mentoria-internacional-en-dermatologia-de-gloderm\/#breadcrumb\",\"itemListElement\":[{\"@type\":\"ListItem\",\"position\":1,\"name\":\"Inicio\",\"item\":\"https:\/\/cideim.org.co\/cideim\/\"},{\"@type\":\"ListItem\",\"position\":2,\"name\":\"Noticias\",\"item\":\"https:\/\/cideim.org.co\/cideim\/noticias\/\"},{\"@type\":\"ListItem\",\"position\":3,\"name\":\"Investigador de CIDEIM participar\u00e1 en programa de mentor\u00eda internacional en dermatolog\u00eda de GLODERM\"}]},{\"@type\":\"WebSite\",\"@id\":\"https:\/\/cideim.org.co\/cideim\/#website\",\"url\":\"https:\/\/cideim.org.co\/cideim\/\",\"name\":\"CIDEIM | Centro Internacional de Entrenamiento e Investigaciones M\u00e9dicas\",\"description\":\"CIDEIM\",\"publisher\":{\"@id\":\"https:\/\/cideim.org.co\/cideim\/#organization\"},\"potentialAction\":[{\"@type\":\"SearchAction\",\"target\":{\"@type\":\"EntryPoint\",\"urlTemplate\":\"https:\/\/cideim.org.co\/cideim\/?s={search_term_string}\"},\"query-input\":\"required name=search_term_string\"}],\"inLanguage\":\"es-CO\"},{\"@type\":\"Organization\",\"@id\":\"https:\/\/cideim.org.co\/cideim\/#organization\",\"name\":\"Centro Internacional de Entrenamiento e Investigaciones M\u00e9dicas\",\"url\":\"https:\/\/cideim.org.co\/cideim\/\",\"logo\":{\"@type\":\"ImageObject\",\"inLanguage\":\"es-CO\",\"@id\":\"https:\/\/cideim.org.co\/cideim\/#\/schema\/logo\/image\/\",\"url\":\"https:\/\/cideim.org.co\/cideim\/wp-content\/uploads\/2022\/06\/Logo-cideim-1.svg\",\"contentUrl\":\"https:\/\/cideim.org.co\/cideim\/wp-content\/uploads\/2022\/06\/Logo-cideim-1.svg\",\"width\":193,\"height\":143,\"caption\":\"Centro Internacional de Entrenamiento e Investigaciones M\u00e9dicas\"},\"image\":{\"@id\":\"https:\/\/cideim.org.co\/cideim\/#\/schema\/logo\/image\/\"},\"sameAs\":[\"https:\/\/www.facebook.com\/cideim\",\"https:\/\/www.linkedin.com\/company\/cideim\/\"]}]}<\/script>\n<!-- \/ Yoast SEO plugin. -->","yoast_head_json":{"title":"Investigador de CIDEIM participar\u00e1 en programa de mentor\u00eda internacional en dermatolog\u00eda de GLODERM - Centro Internacional de Entrenamiento e Investigaciones M\u00e9dicas","description":"El investigador de CIDEIM Jonny Alejandro Garc\u00eda, fue admitido en el programa de mentor\u00eda de la Alianza Internacional para la Dermatolog\u00eda en Salud Global - GLODERM (por sus siglas en ingl\u00e9s).","robots":{"index":"index","follow":"follow","max-snippet":"max-snippet:-1","max-image-preview":"max-image-preview:large","max-video-preview":"max-video-preview:-1"},"canonical":"https:\/\/cideim.org.co\/cideim\/noticias\/investigador-de-cideim-participara-en-programa-de-mentoria-internacional-en-dermatologia-de-gloderm\/","og_locale":"es_ES","og_type":"article","og_title":"Investigador de CIDEIM participar\u00e1 en programa de mentor\u00eda internacional en dermatolog\u00eda de GLODERM - Centro Internacional de Entrenamiento e Investigaciones M\u00e9dicas","og_description":"El investigador de CIDEIM Jonny Alejandro Garc\u00eda, fue admitido en el programa de mentor\u00eda de la Alianza Internacional para la Dermatolog\u00eda en Salud Global - GLODERM (por sus siglas en ingl\u00e9s).","og_url":"https:\/\/cideim.org.co\/cideim\/noticias\/investigador-de-cideim-participara-en-programa-de-mentoria-internacional-en-dermatologia-de-gloderm\/","og_site_name":"Centro Internacional de Entrenamiento e Investigaciones M\u00e9dicas","article_publisher":"https:\/\/www.facebook.com\/cideim","article_modified_time":"2025-04-03T20:04:38+00:00","og_image":[{"width":1080,"height":1080,"url":"https:\/\/cideim.org.co\/cideim\/wp-content\/uploads\/2024\/08\/jonny-gloderm-destacada.png","type":"image\/png"}],"twitter_card":"summary_large_image","twitter_misc":{"Tiempo estimado de lectura":"3 minutos"},"schema":{"@context":"https:\/\/schema.org","@graph":[{"@type":"WebPage","@id":"https:\/\/cideim.org.co\/cideim\/noticias\/investigador-de-cideim-participara-en-programa-de-mentoria-internacional-en-dermatologia-de-gloderm\/","url":"https:\/\/cideim.org.co\/cideim\/noticias\/investigador-de-cideim-participara-en-programa-de-mentoria-internacional-en-dermatologia-de-gloderm\/","name":"Investigador de CIDEIM participar\u00e1 en programa de mentor\u00eda internacional en dermatolog\u00eda de GLODERM - Centro Internacional de Entrenamiento e Investigaciones M\u00e9dicas","isPartOf":{"@id":"https:\/\/cideim.org.co\/cideim\/#website"},"datePublished":"2024-08-06T18:19:53+00:00","dateModified":"2025-04-03T20:04:38+00:00","description":"El investigador de CIDEIM Jonny Alejandro Garc\u00eda, fue admitido en el programa de mentor\u00eda de la Alianza Internacional para la Dermatolog\u00eda en Salud Global - GLODERM (por sus siglas en ingl\u00e9s).","breadcrumb":{"@id":"https:\/\/cideim.org.co\/cideim\/noticias\/investigador-de-cideim-participara-en-programa-de-mentoria-internacional-en-dermatologia-de-gloderm\/#breadcrumb"},"inLanguage":"es-CO","potentialAction":[{"@type":"ReadAction","target":["https:\/\/cideim.org.co\/cideim\/noticias\/investigador-de-cideim-participara-en-programa-de-mentoria-internacional-en-dermatologia-de-gloderm\/"]}]},{"@type":"BreadcrumbList","@id":"https:\/\/cideim.org.co\/cideim\/noticias\/investigador-de-cideim-participara-en-programa-de-mentoria-internacional-en-dermatologia-de-gloderm\/#breadcrumb","itemListElement":[{"@type":"ListItem","position":1,"name":"Inicio","item":"https:\/\/cideim.org.co\/cideim\/"},{"@type":"ListItem","position":2,"name":"Noticias","item":"https:\/\/cideim.org.co\/cideim\/noticias\/"},{"@type":"ListItem","position":3,"name":"Investigador de CIDEIM participar\u00e1 en programa de mentor\u00eda internacional en dermatolog\u00eda de GLODERM"}]},{"@type":"WebSite","@id":"https:\/\/cideim.org.co\/cideim\/#website","url":"https:\/\/cideim.org.co\/cideim\/","name":"CIDEIM | Centro Internacional de Entrenamiento e Investigaciones M\u00e9dicas","description":"CIDEIM","publisher":{"@id":"https:\/\/cideim.org.co\/cideim\/#organization"},"potentialAction":[{"@type":"SearchAction","target":{"@type":"EntryPoint","urlTemplate":"https:\/\/cideim.org.co\/cideim\/?s={search_term_string}"},"query-input":"required name=search_term_string"}],"inLanguage":"es-CO"},{"@type":"Organization","@id":"https:\/\/cideim.org.co\/cideim\/#organization","name":"Centro Internacional de Entrenamiento e Investigaciones M\u00e9dicas","url":"https:\/\/cideim.org.co\/cideim\/","logo":{"@type":"ImageObject","inLanguage":"es-CO","@id":"https:\/\/cideim.org.co\/cideim\/#\/schema\/logo\/image\/","url":"https:\/\/cideim.org.co\/cideim\/wp-content\/uploads\/2022\/06\/Logo-cideim-1.svg","contentUrl":"https:\/\/cideim.org.co\/cideim\/wp-content\/uploads\/2022\/06\/Logo-cideim-1.svg","width":193,"height":143,"caption":"Centro Internacional de Entrenamiento e Investigaciones M\u00e9dicas"},"image":{"@id":"https:\/\/cideim.org.co\/cideim\/#\/schema\/logo\/image\/"},"sameAs":["https:\/\/www.facebook.com\/cideim","https:\/\/www.linkedin.com\/company\/cideim\/"]}]}},"_links":{"self":[{"href":"https:\/\/cideim.org.co\/cideim\/wp-json\/wp\/v2\/noticias\/9209"}],"collection":[{"href":"https:\/\/cideim.org.co\/cideim\/wp-json\/wp\/v2\/noticias"}],"about":[{"href":"https:\/\/cideim.org.co\/cideim\/wp-json\/wp\/v2\/types\/noticias"}],"wp:featuredmedia":[{"embeddable":true,"href":"https:\/\/cideim.org.co\/cideim\/wp-json\/wp\/v2\/media\/9210"}],"wp:attachment":[{"href":"https:\/\/cideim.org.co\/cideim\/wp-json\/wp\/v2\/media?parent=9209"}],"wp:term":[{"taxonomy":"categorias","embeddable":true,"href":"https:\/\/cideim.org.co\/cideim\/wp-json\/wp\/v2\/categorias?post=9209"},{"taxonomy":"boletines","embeddable":true,"href":"https:\/\/cideim.org.co\/cideim\/wp-json\/wp\/v2\/boletines?post=9209"}],"curies":[{"name":"wp","href":"https:\/\/api.w.org\/{rel}","templated":true}]}}